{"id":671,"date":"2023-07-14T10:34:27","date_gmt":"2023-07-14T10:34:27","guid":{"rendered":"https:\/\/influenceemobility.com\/?p=671"},"modified":"2023-09-14T11:13:16","modified_gmt":"2023-09-14T11:13:16","slug":"recapitulation-du-festival-de-vitesse-de-goodwood","status":"publish","type":"post","link":"https:\/\/influenceemobility.com\/fr\/recapitulation-du-festival-de-vitesse-de-goodwood\/","title":{"rendered":"R\u00e9capitulatif du Festival de vitesse de Goodwood"},"content":{"rendered":"<p>La 30e \u00e9dition du Festival of Speed du @GoodwoodGroup a \u00e9t\u00e9 l'occasion d'une c\u00e9l\u00e9bration \u00e9clectique de tout ce qui touche au monde de la mobilit\u00e9 et de l'\u00e9mobilit\u00e9. De mani\u00e8re de plus en plus typique, l'\u00e9v\u00e9nement a honor\u00e9 les anniversaires marquants et l'h\u00e9ritage de marques \u00e9tablies de longue date dans l'industrie automobile, tout en braquant les projecteurs sur les technologies de mobilit\u00e9 innovantes et tourn\u00e9es vers l'avenir.   Ces \u00e9v\u00e9nements sont essentiels pour les campagnes de relations publiques sur l'\u00e9mobilit\u00e9.<\/p>\n<p>Un grand nombre de v\u00e9hicules \u00e0 z\u00e9ro \u00e9mission ont r\u00e9alis\u00e9 des performances spectaculaires lors de la c\u00e9l\u00e8bre course de c\u00f4te de Goodwood, aux c\u00f4t\u00e9s de classiques \u00e0 moteur \u00e0 combustion. Les visiteurs ont \u00e9galement eu l'occasion de s'immerger dans le monde de l'\u00e9lectrification gr\u00e2ce \u00e0 l'exposition Electric Avenue, toujours tr\u00e8s populaire.<\/p>\n<p>Au lieu de se contenter d'exposer des v\u00e9hicules \u00e9lectriques, l'\u00e9v\u00e9nement a cherch\u00e9 \u00e0 approfondir l'exp\u00e9rience des propri\u00e9taires de VE et, pour les agences de relations publiques comme Influence, a repr\u00e9sent\u00e9 une occasion de mener des programmes d'activation directe aupr\u00e8s des consommateurs, qui \u00e0 leur tour nous aident \u00e0 vivre des exp\u00e9riences qui se r\u00e9percutent dans les campagnes de relations publiques sur l'\u00e9mobilit\u00e9 et l'automobile. Gr\u00e2ce \u00e0 une s\u00e9rie d'ateliers et de conf\u00e9rences d'experts techniques - couvrant des sujets allant des conseils de recharge \u00e0 l'entretien des v\u00e9hicules - l'\u00e9v\u00e9nement a cherch\u00e9 \u00e0 donner aux consommateurs la confiance dont ils ont besoin pour passer \u00e0 l'\u00e9lectrification. Les choix de mode de vie \u00e9taient en t\u00eate de l'ordre du jour, avec une s\u00e9lection vari\u00e9e de v\u00e9hicules regroup\u00e9s en quatre zones sur mesure - chacune repr\u00e9sentant un segment diff\u00e9rent et un choix de mode de vie, pr\u00e9sentant les meilleures options de v\u00e9hicules de leur cat\u00e9gorie pour les conducteurs.<\/p>\n<p>Alors que les constructeurs proposent des v\u00e9hicules de plus en plus performants et que le nombre de nouvelles immatriculations de v\u00e9hicules \u00e9lectriques continue de faire progresser l'adoption de l'\u00e9lectrification, des \u00e9tudes ont montr\u00e9 que les consommateurs ont de plus en plus confiance dans les capacit\u00e9s des v\u00e9hicules \u00e9lectriques. Une \u00e9tude r\u00e9cente men\u00e9e aupr\u00e8s de conducteurs de VE sur les principaux march\u00e9s europ\u00e9ens a montr\u00e9 une diminution de 10% de la proportion de ceux qui consid\u00e8rent l'anxi\u00e9t\u00e9 li\u00e9e \u00e0 l'autonomie comme l'un des trois principaux d\u00e9fis \u00e0 relever lors du passage \u00e0 l'\u00e9lectrification, tandis que 47% d\u00e9clarent ne pas avoir \u00e0 recharger leur v\u00e9hicule tous les jours.<\/p>\n<p>Gr\u00e2ce \u00e0 des exp\u00e9riences immersives et \u00e0 des conseils pr\u00e9cieux \u00e0 port\u00e9e de main, offrir aux conducteurs la possibilit\u00e9 de renforcer leur confiance lors d'\u00e9v\u00e9nements de premier plan contribuera \u00e0 acc\u00e9l\u00e9rer encore davantage l'adoption de solutions de mobilit\u00e9 \u00e9lectrifi\u00e9es.<\/p>\n<p>Pour savoir comment nos sp\u00e9cialistes de la communication automobile et de l'e-mobilit\u00e9 peuvent vous aider lors d'\u00e9v\u00e9nements industriels, contactez-nous \u00e0 l'adresse hello@influenceemobility.com.<\/p>\n<p>Source de l'image : Goodwood<\/p>\n<p>#FOS #goodwood #EVs #emobility #automotiveindustry #automotive #startup #scaleup<\/p>","protected":false},"excerpt":{"rendered":"<p>La 30e \u00e9dition du Festival of Speed de @TheGoodwoodGroup a donn\u00e9 lieu \u00e0 une c\u00e9l\u00e9bration \u00e9clectique de tout ce qui touche au monde de la mobilit\u00e9 et de l'\u00e9mobilit\u00e9. De mani\u00e8re de plus en plus typique, l'\u00e9v\u00e9nement a honor\u00e9 les anniversaires marquants et l'h\u00e9ritage de...<\/p>","protected":false},"author":10,"featured_media":0,"comment_status":"closed","ping_status":"open","sticky":false,"template":"","format":"standard","meta":{"_acf_changed":false,"footnotes":""},"categories":[1],"tags":[],"class_list":["post-671","post","type-post","status-publish","format-standard","hentry","category-blog-post"],"acf":[],"_links":{"self":[{"href":"https:\/\/influenceemobility.com\/fr\/wp-json\/wp\/v2\/posts\/671","targetHints":{"allow":["GET"]}}],"collection":[{"href":"https:\/\/influenceemobility.com\/fr\/wp-json\/wp\/v2\/posts"}],"about":[{"href":"https:\/\/influenceemobility.com\/fr\/wp-json\/wp\/v2\/types\/post"}],"author":[{"embeddable":true,"href":"https:\/\/influenceemobility.com\/fr\/wp-json\/wp\/v2\/users\/10"}],"replies":[{"embeddable":true,"href":"https:\/\/influenceemobility.com\/fr\/wp-json\/wp\/v2\/comments?post=671"}],"version-history":[{"count":2,"href":"https:\/\/influenceemobility.com\/fr\/wp-json\/wp\/v2\/posts\/671\/revisions"}],"predecessor-version":[{"id":674,"href":"https:\/\/influenceemobility.com\/fr\/wp-json\/wp\/v2\/posts\/671\/revisions\/674"}],"wp:attachment":[{"href":"https:\/\/influenceemobility.com\/fr\/wp-json\/wp\/v2\/media?parent=671"}],"wp:term":[{"taxonomy":"category","embeddable":true,"href":"https:\/\/influenceemobility.com\/fr\/wp-json\/wp\/v2\/categories?post=671"},{"taxonomy":"post_tag","embeddable":true,"href":"https:\/\/influenceemobility.com\/fr\/wp-json\/wp\/v2\/tags?post=671"}],"curies":[{"name":"wp","href":"https:\/\/api.w.org\/{rel}","templated":true}]}}